{"id":3720,"date":"2021-02-15T14:38:52","date_gmt":"2021-02-15T13:38:52","guid":{"rendered":"http:\/\/ensemblelareveuse.com\/?p=3720"},"modified":"2021-04-09T11:14:36","modified_gmt":"2021-04-09T09:14:36","slug":"en-tournage-pour-ensemble-cest-mieux-france3-centre-val-de-loire","status":"publish","type":"post","link":"https:\/\/ensemblelareveuse.com\/en\/en-tournage-pour-ensemble-cest-mieux-france3-centre-val-de-loire\/","title":{"rendered":"Actualit\u00e9 m\u00e9dia"},"content":{"rendered":"<p class=\"qtranxs-available-languages-message qtranxs-available-languages-message-en\">Sorry, this entry is only available in <a href=\"https:\/\/ensemblelareveuse.com\/fr\/wp-json\/wp\/v2\/posts\/3720\" class=\"qtranxs-available-language-link qtranxs-available-language-link-fr\" title=\"Fran\u00e7ais\">French<\/a>. For the sake of viewer convenience, the content is shown below in the alternative language. You may click the link to switch the active language.<\/p><p>\u00c7a tourne ! \ud83c\udfa5\ud83c\udfa7\ud83c\udfa4<\/p>\n<p>La R\u00eaveuse \u00e9tait en tournage le lundi 15 f\u00e9vrier 2021 \u00e0 l&#8217;<a href=\"https:\/\/hotel-abeille.com\/\" target=\"_blank\" rel=\"noopener noreferrer\">h\u00f4tel Abeille (Orl\u00e9ans)<\/a> pour <a href=\"https:\/\/france3-regions.francetvinfo.fr\/centre-val-de-loire\/emissions\/ensemble-c-est-mieux-centre-val-de-loire\" target=\"_blank\" rel=\"noopener noreferrer\">France 3 Centre-Val de Loire<\/a> dans l&#8217;\u00e9mission &#8216;<a href=\"https:\/\/www.france.tv\/france-3\/ensemble-c-est-mieux\/\" target=\"_blank\" rel=\"noopener noreferrer\"><em>Ensemble c&#8217;est mieux<\/em><\/a>&#8216; avec J\u00e9r\u00e9my Alleb\u0117e, ma\u00eetre de c\u00e9r\u00e9monie !<\/p>\n<p>L&#8217;\u00e9mission a \u00e9t\u00e9 diffus\u00e9e le 10 mars \u00e0 10h45.<\/p>\n<p><strong>Retrouvez des extraits de l&#8217;\u00e9mission sur notre <a href=\"https:\/\/www.youtube.com\/c\/ensemblelareveuse\/videos\">chaine YouTube<\/a>.<\/strong><\/p>\n<p>&nbsp;<\/p>\n<p>Cabinet de curiosit\u00e9s sur la <a href=\"http:\/\/ensemblelareveuse.com\/programmes\/la-musique-des-oiseaux\/\">th\u00e9matique des oiseaux dans la musique,<\/a> <a href=\"http:\/\/ensemblelareveuse.com\/discographie\/london-circa-1700\/\">London circa 1700<\/a>, <a href=\"http:\/\/ensemblelareveuse.com\/discographie\/london-circa-1720-lheritage-de-corelli\/\">London circa 1720<\/a>, le <a href=\"http:\/\/ensemblelareveuse.com\/programmes\/les-soirees-du-regent\/\">R\u00e9gent<\/a>, le <a href=\"http:\/\/ensemblelareveuse.com\/programmes\/le-pardessus-de-viole-ou-la-revanche-des-dames\/\">pardessus de viole<\/a> et la place des <a href=\"http:\/\/ensemblelareveuse.com\/programmes\/le-pardessus-de-viole-ou-la-revanche-des-dames\/\">femmes dans la musique<\/a> au XVIIe et XVIIIe si\u00e8cle&#8230; autant de sujets abord\u00e9s lors de ce tournage, sans oublier quelques surprises musicales \u00e0 d\u00e9couvrir!<\/p>\n<p><img loading=\"lazy\" decoding=\"async\" class=\"alignnone wp-image-3725\" src=\"http:\/\/ensemblelareveuse.com\/wp-content\/uploads\/2021\/02\/FR3-Ensemble-c-mieux-Fev-21-29-600x450.jpg\" alt=\"\" width=\"315\" height=\"236\" srcset=\"https:\/\/ensemblelareveuse.com\/wp-content\/uploads\/2021\/02\/FR3-Ensemble-c-mieux-Fev-21-29-600x450.jpg 600w, https:\/\/ensemblelareveuse.com\/wp-content\/uploads\/2021\/02\/FR3-Ensemble-c-mieux-Fev-21-29-2000x1500.jpg 2000w, https:\/\/ensemblelareveuse.com\/wp-content\/uploads\/2021\/02\/FR3-Ensemble-c-mieux-Fev-21-29-400x300.jpg 400w, https:\/\/ensemblelareveuse.com\/wp-content\/uploads\/2021\/02\/FR3-Ensemble-c-mieux-Fev-21-29-768x576.jpg 768w, https:\/\/ensemblelareveuse.com\/wp-content\/uploads\/2021\/02\/FR3-Ensemble-c-mieux-Fev-21-29-1536x1152.jpg 1536w, https:\/\/ensemblelareveuse.com\/wp-content\/uploads\/2021\/02\/FR3-Ensemble-c-mieux-Fev-21-29-2048x1536.jpg 2048w, https:\/\/ensemblelareveuse.com\/wp-content\/uploads\/2021\/02\/FR3-Ensemble-c-mieux-Fev-21-29-1000x750.jpg 1000w\" sizes=\"(max-width: 315px) 100vw, 315px\" \/><\/p>\n<p><img loading=\"lazy\" decoding=\"async\" class=\"alignnone wp-image-3723\" src=\"http:\/\/ensemblelareveuse.com\/wp-content\/uploads\/2021\/02\/FR3-Ensemble-c-mieux-Fev-21-4-600x450.jpg\" alt=\"\" width=\"310\" height=\"233\" srcset=\"https:\/\/ensemblelareveuse.com\/wp-content\/uploads\/2021\/02\/FR3-Ensemble-c-mieux-Fev-21-4-600x450.jpg 600w, https:\/\/ensemblelareveuse.com\/wp-content\/uploads\/2021\/02\/FR3-Ensemble-c-mieux-Fev-21-4-2000x1500.jpg 2000w, https:\/\/ensemblelareveuse.com\/wp-content\/uploads\/2021\/02\/FR3-Ensemble-c-mieux-Fev-21-4-400x300.jpg 400w, https:\/\/ensemblelareveuse.com\/wp-content\/uploads\/2021\/02\/FR3-Ensemble-c-mieux-Fev-21-4-768x576.jpg 768w, https:\/\/ensemblelareveuse.com\/wp-content\/uploads\/2021\/02\/FR3-Ensemble-c-mieux-Fev-21-4-1536x1152.jpg 1536w, https:\/\/ensemblelareveuse.com\/wp-content\/uploads\/2021\/02\/FR3-Ensemble-c-mieux-Fev-21-4-2048x1536.jpg 2048w, https:\/\/ensemblelareveuse.com\/wp-content\/uploads\/2021\/02\/FR3-Ensemble-c-mieux-Fev-21-4-1000x750.jpg 1000w\" sizes=\"(max-width: 310px) 100vw, 310px\" \/><\/p>","protected":false},"excerpt":{"rendered":"<p class=\"qtranxs-available-languages-message qtranxs-available-languages-message-en\">Sorry, this entry is only available in <a href=\"https:\/\/ensemblelareveuse.com\/fr\/wp-json\/wp\/v2\/posts\/3720\" class=\"qtranxs-available-language-link qtranxs-available-language-link-fr\" title=\"Fran\u00e7ais\">French<\/a>. For the sake of viewer convenience, the content is shown below in the alternative language. You may click the link to switch the active language.<\/p>\n<p>Florence Bolton et Benjamin Perrot pr\u00e9sentent l&#8217;actualit\u00e9 de La R\u00eaveuse sur France 3 Centre &#8211; Val de Loire, le 10 mars 2021 dans l&#8217;\u00e9mission &#8220;Ensemble c&#8217;est mieux&#8221; avec J\u00e9r\u00e9my Alleb\u0117e.<\/p>\n","protected":false},"author":6,"featured_media":3724,"comment_status":"closed","ping_status":"closed","sticky":false,"template":"","format":"standard","meta":{"footnotes":""},"categories":[37,34,1],"tags":[146],"_links":{"self":[{"href":"https:\/\/ensemblelareveuse.com\/en\/wp-json\/wp\/v2\/posts\/3720"}],"collection":[{"href":"https:\/\/ensemblelareveuse.com\/en\/wp-json\/wp\/v2\/posts"}],"about":[{"href":"https:\/\/ensemblelareveuse.com\/en\/wp-json\/wp\/v2\/types\/post"}],"author":[{"embeddable":true,"href":"https:\/\/ensemblelareveuse.com\/en\/wp-json\/wp\/v2\/users\/6"}],"replies":[{"embeddable":true,"href":"https:\/\/ensemblelareveuse.com\/en\/wp-json\/wp\/v2\/comments?post=3720"}],"version-history":[{"count":7,"href":"https:\/\/ensemblelareveuse.com\/en\/wp-json\/wp\/v2\/posts\/3720\/revisions"}],"predecessor-version":[{"id":3878,"href":"https:\/\/ensemblelareveuse.com\/en\/wp-json\/wp\/v2\/posts\/3720\/revisions\/3878"}],"wp:featuredmedia":[{"embeddable":true,"href":"https:\/\/ensemblelareveuse.com\/en\/wp-json\/wp\/v2\/media\/3724"}],"wp:attachment":[{"href":"https:\/\/ensemblelareveuse.com\/en\/wp-json\/wp\/v2\/media?parent=3720"}],"wp:term":[{"taxonomy":"category","embeddable":true,"href":"https:\/\/ensemblelareveuse.com\/en\/wp-json\/wp\/v2\/categories?post=3720"},{"taxonomy":"post_tag","embeddable":true,"href":"https:\/\/ensemblelareveuse.com\/en\/wp-json\/wp\/v2\/tags?post=3720"}],"curies":[{"name":"wp","href":"https:\/\/api.w.org\/{rel}","templated":true}]}}