{"id":3807,"date":"2021-03-08T17:05:36","date_gmt":"2021-03-08T16:05:36","guid":{"rendered":"http:\/\/ensemblelareveuse.com\/?p=3807"},"modified":"2021-04-09T12:17:14","modified_gmt":"2021-04-09T10:17:14","slug":"la-reveuse-dans-les-ecoles-du-pays-de-villersexel","status":"publish","type":"post","link":"https:\/\/ensemblelareveuse.com\/en\/la-reveuse-dans-les-ecoles-du-pays-de-villersexel\/","title":{"rendered":"Actions p\u00e9dagogiques en milieu scolaire"},"content":{"rendered":"<p class=\"qtranxs-available-languages-message qtranxs-available-languages-message-en\">Sorry, this entry is only available in <a href=\"https:\/\/ensemblelareveuse.com\/fr\/wp-json\/wp\/v2\/posts\/3807\" class=\"qtranxs-available-language-link qtranxs-available-language-link-fr\" title=\"Fran\u00e7ais\">French<\/a>. For the sake of viewer convenience, the content is shown below in the alternative language. You may click the link to switch the active language.<\/p><p><\/p>\n<div>En avant premi\u00e8re de la cr\u00e9ation en avril \u00e0 Mignavilliers du spectacle <a href=\"http:\/\/ensemblelareveuse.com\/programmes\/le-rossignol-et-lempereur-de-chine-famille\/?utm_source=sendinblue&amp;utm_campaign=La_Rveuse_-_Newsletter_-_Mars__Avril__2021&amp;utm_medium=email\" target=\"_blank\" rel=\"noopener noreferrer\"><em><strong>Le Rossignol et l\u2019Empereur de Chine<\/strong><\/em><\/a>, La R\u00eaveuse intervient les 1-4 avril dans les \u00e9coles du <a href=\"http:\/\/culture70.fr\/la-bulle-dans-le-pays-de-villersexel-5?utm_source=sendinblue&amp;utm_campaign=La_Rveuse_-_Newsletter_-_Mars__Avril__2021&amp;utm_medium=email\"><strong>Pays des Mille Etangs<\/strong><\/a>, pour parler des oiseaux comme sources d&#8217;inspiration de la musique.<\/div>\n<div><\/div>\n<div><img loading=\"lazy\" decoding=\"async\" class=\"alignnone size-medium wp-image-3898\" src=\"http:\/\/ensemblelareveuse.com\/wp-content\/uploads\/2021\/03\/IMG_4037-600x578.jpg\" alt=\"\" width=\"600\" height=\"578\" srcset=\"https:\/\/ensemblelareveuse.com\/wp-content\/uploads\/2021\/03\/IMG_4037-600x578.jpg 600w, https:\/\/ensemblelareveuse.com\/wp-content\/uploads\/2021\/03\/IMG_4037-2000x1927.jpg 2000w, https:\/\/ensemblelareveuse.com\/wp-content\/uploads\/2021\/03\/IMG_4037-400x385.jpg 400w, https:\/\/ensemblelareveuse.com\/wp-content\/uploads\/2021\/03\/IMG_4037-768x740.jpg 768w, https:\/\/ensemblelareveuse.com\/wp-content\/uploads\/2021\/03\/IMG_4037-1536x1480.jpg 1536w, https:\/\/ensemblelareveuse.com\/wp-content\/uploads\/2021\/03\/IMG_4037-2048x1973.jpg 2048w, https:\/\/ensemblelareveuse.com\/wp-content\/uploads\/2021\/03\/IMG_4037-1000x963.jpg 1000w\" sizes=\"(max-width: 600px) 100vw, 600px\" \/><\/div>\n<div><\/div>\n<div><\/div>\n<div><strong>Lundi 1er mars 2021 :<\/strong><\/div>\n<div>\n<ul>\n<li>9h00-10h00 : PS\/MS \u2013 \u00e9cole de Fallon<\/li>\n<li>10h15-11h15 : CM1\/CM2 \u2013 \u00e9cole de Fallon<\/li>\n<li>13h45-14h45 : CE2\/CM1 \u2013 \u00e9cole de Villersexel<\/li>\n<li>15h00-16h00 : CM1\/CM2 \u2013 \u00e9cole de Villersexel<\/li>\n<\/ul>\n<div><strong>Mardi 2 mars 2021 :<\/strong><\/div>\n<div>\n<ul>\n<li>08h30-09h30 : CP\/CE1\u2013 \u00e9cole d\u2019Ath\u00e9sans<\/li>\n<li>9h30-10h30 : MS\/GS \u2013 \u00e9cole d\u2019Ath\u00e9sans<\/li>\n<li>10h30-11h30 : GS \u2013 \u00e9cole d\u2019Ath\u00e9sans<\/li>\n<li>14h00-15h00 : PS\/MS\/GS \u2013 \u00e9cole de Courchaton<\/li>\n<li>15h15-16h15 : CP\/CE2\/CE1\/CM1\/CM2 \u2013 \u00e9cole de Courchaton<\/li>\n<\/ul>\n<div><strong>Jeudi 4 mars 2021 :<\/strong><\/div>\n<div>\n<ul>\n<li>08h30-09h30 : CE1\/CE2 \u2013 \u00e9cole d\u2019Ath\u00e9sans<\/li>\n<li>9h30-10h30 : CE2\/CM1 \u2013 \u00e9cole d\u2019Ath\u00e9sans<\/li>\n<li>10h30-11h30 : CM1\/CM2 \u2013 \u00e9cole d\u2019Ath\u00e9sans<\/li>\n<\/ul>\n<\/div>\n<div><\/div>\n<\/div>\n<div><em>(La r\u00e9sidence de l\u2019ensemble La R\u00eaveuse dans le Pays de Villersexel est une cor\u00e9alisation de Culture 70 et de la Communaut\u00e9 de communes du Pays de Villersexel, avec le soutien du D\u00e9partement de la Haute-Sa\u00f4ne, de la Drac Bourgogne Franche-Comt\u00e9 et de la R\u00e9gion Bourgogne Franche-Comt\u00e9)<\/em><\/div>\n<p><a href=\"http:\/\/culture70.fr\/la-bulle-dans-le-pays-de-villersexel-5\" target=\"_blank\" rel=\"noopener noreferrer\"><strong>Un programme r\u00e9alis\u00e9 gr\u00e2ce \u00e0 Culture 70<\/strong>.<\/a><\/p>\n<p>&nbsp;<\/p>\n<\/div>\n<p><\/p>","protected":false},"excerpt":{"rendered":"<p class=\"qtranxs-available-languages-message qtranxs-available-languages-message-en\">Sorry, this entry is only available in <a href=\"https:\/\/ensemblelareveuse.com\/fr\/wp-json\/wp\/v2\/posts\/3807\" class=\"qtranxs-available-language-link qtranxs-available-language-link-fr\" title=\"Fran\u00e7ais\">French<\/a>. For the sake of viewer convenience, the content is shown below in the alternative language. You may click the link to switch the active language.<\/p>\n<p>En pr\u00e9paration de la cr\u00e9ation \u00e0 Mignavilliers (Culture 70) de notre spectacle jeune public Le Rossignol et l&#8217;Empereur de Chine, La R\u00eaveuse intervient les 1-4 mars 2021 dans douze classes des \u00e9coles primaires et maternelles du Pays de Villersexel pour parler des oiseaux dans la musique..<\/p>\n","protected":false},"author":6,"featured_media":3808,"comment_status":"closed","ping_status":"closed","sticky":false,"template":"","format":"standard","meta":{"footnotes":""},"categories":[37,34],"tags":[],"_links":{"self":[{"href":"https:\/\/ensemblelareveuse.com\/en\/wp-json\/wp\/v2\/posts\/3807"}],"collection":[{"href":"https:\/\/ensemblelareveuse.com\/en\/wp-json\/wp\/v2\/posts"}],"about":[{"href":"https:\/\/ensemblelareveuse.com\/en\/wp-json\/wp\/v2\/types\/post"}],"author":[{"embeddable":true,"href":"https:\/\/ensemblelareveuse.com\/en\/wp-json\/wp\/v2\/users\/6"}],"replies":[{"embeddable":true,"href":"https:\/\/ensemblelareveuse.com\/en\/wp-json\/wp\/v2\/comments?post=3807"}],"version-history":[{"count":13,"href":"https:\/\/ensemblelareveuse.com\/en\/wp-json\/wp\/v2\/posts\/3807\/revisions"}],"predecessor-version":[{"id":3902,"href":"https:\/\/ensemblelareveuse.com\/en\/wp-json\/wp\/v2\/posts\/3807\/revisions\/3902"}],"wp:featuredmedia":[{"embeddable":true,"href":"https:\/\/ensemblelareveuse.com\/en\/wp-json\/wp\/v2\/media\/3808"}],"wp:attachment":[{"href":"https:\/\/ensemblelareveuse.com\/en\/wp-json\/wp\/v2\/media?parent=3807"}],"wp:term":[{"taxonomy":"category","embeddable":true,"href":"https:\/\/ensemblelareveuse.com\/en\/wp-json\/wp\/v2\/categories?post=3807"},{"taxonomy":"post_tag","embeddable":true,"href":"https:\/\/ensemblelareveuse.com\/en\/wp-json\/wp\/v2\/tags?post=3807"}],"curies":[{"name":"wp","href":"https:\/\/api.w.org\/{rel}","templated":true}]}}