{"id":5419,"date":"2023-09-07T17:12:03","date_gmt":"2023-09-07T15:12:03","guid":{"rendered":"http:\/\/ensemblelareveuse.com\/?p=5419"},"modified":"2023-10-02T12:50:14","modified_gmt":"2023-10-02T10:50:14","slug":"sortie-discographique-decouvrez-en-avant-premiere-le-prochain-disque-de-la-reveuse","status":"publish","type":"post","link":"https:\/\/ensemblelareveuse.com\/en\/sortie-discographique-decouvrez-en-avant-premiere-le-prochain-disque-de-la-reveuse\/","title":{"rendered":"MEDIA NEWS &#8211; La R\u00eaveuse&#8217;s last album receives critical acclaim"},"content":{"rendered":"<p>Le Concert des oiseaux \/ Le Carnaval des animaux en p\u00e9ril, has won several awards!<\/p>\n<p>This record, which is entirely focused on animals and their relationship with music, while at the same time being committed to ecology, has been awarded a 5 by Fono Forum, 5 by Diapason, 5 by Classica, and is also key of the month by Resmusica and TTT Telerama. It is also recommended by Elisabeth Quin, presenter of 28 minutes on Arte.<\/p>\n<p>La R\u00eaveuse can also be heard on Doroth\u00e9e Barba&#8217;s Carnets de Campagne program on France Inter, in Chambre avec vue presented by Camille De Rijck on Musiq 3-RTBF, and in an article by Emmanuelle Giuliani in La Croix newspaper.<\/p>\n<p><img loading=\"lazy\" decoding=\"async\" class=\"alignnone wp-image-5842\" src=\"http:\/\/ensemblelareveuse.com\/wp-content\/uploads\/2023\/04\/Image1.png\" alt=\"\" width=\"104\" height=\"98\" \/> Discover her critic here :\u00a0 <a href=\"https:\/\/www.instagram.com\/p\/Crd89jnLbS1\/\">https:\/\/www.instagram.com\/p\/Crd89jnLbS1\/\u00a0<\/a><\/p>\n<p><img loading=\"lazy\" decoding=\"async\" class=\"alignnone wp-image-5688\" src=\"http:\/\/ensemblelareveuse.com\/wp-content\/uploads\/2023\/02\/campagne.jpg\" alt=\"\" width=\"83\" height=\"83\" srcset=\"https:\/\/ensemblelareveuse.com\/wp-content\/uploads\/2023\/02\/campagne.jpg 400w, https:\/\/ensemblelareveuse.com\/wp-content\/uploads\/2023\/02\/campagne-100x100.jpg 100w\" sizes=\"(max-width: 83px) 100vw, 83px\" \/> \u00a0 <a href=\"https:\/\/www.radiofrance.fr\/franceinter\/podcasts\/carnets-de-campagne\/carnets-de-campagne-du-lundi-06-mars-2023-9333588\">R\u00e9\u00e9coutez l&#8217;interview de Florence Bolton dans l&#8217;\u00e9mission Carnets\u00a0 de Campagnes sur France Inter\u00a0<\/a><\/p>\n<p><strong><img loading=\"lazy\" decoding=\"async\" class=\"alignnone wp-image-5689\" src=\"http:\/\/ensemblelareveuse.com\/wp-content\/uploads\/2023\/02\/1200px-RTBF_Musiq3_logo.svg_-600x434.png\" alt=\"\" width=\"76\" height=\"55\" srcset=\"https:\/\/ensemblelareveuse.com\/wp-content\/uploads\/2023\/02\/1200px-RTBF_Musiq3_logo.svg_-600x434.png 600w, https:\/\/ensemblelareveuse.com\/wp-content\/uploads\/2023\/02\/1200px-RTBF_Musiq3_logo.svg_-400x289.png 400w, https:\/\/ensemblelareveuse.com\/wp-content\/uploads\/2023\/02\/1200px-RTBF_Musiq3_logo.svg_-768x555.png 768w, https:\/\/ensemblelareveuse.com\/wp-content\/uploads\/2023\/02\/1200px-RTBF_Musiq3_logo.svg_-1000x723.png 1000w, https:\/\/ensemblelareveuse.com\/wp-content\/uploads\/2023\/02\/1200px-RTBF_Musiq3_logo.svg_.png 1200w\" sizes=\"(max-width: 76px) 100vw, 76px\" \/><\/strong><a href=\"https:\/\/auvio.rtbf.be\/media\/chambre-avec-vue-florence-bolton-de-lensemble-la-reveuse-3011865\">R\u00e9\u00e9coutez l&#8217;\u00e9mission <i>Chambre avec vue,<\/i> pr\u00e9sent\u00e9 par Camille De Rijck avec Florence Bolton sur Musiq 3-RTBF<\/a><\/p>\n<p><a href=\"http:\/\/ensemblelareveuse.com\/wp-content\/uploads\/2023\/03\/230307-La-Croix-Disque-Carnaval-Oiseaux_page-0001.jpg\"><img loading=\"lazy\" decoding=\"async\" class=\"alignnone wp-image-5705\" src=\"http:\/\/ensemblelareveuse.com\/wp-content\/uploads\/2023\/02\/la_croix-600x167.png\" alt=\"\" width=\"180\" height=\"50\" srcset=\"https:\/\/ensemblelareveuse.com\/wp-content\/uploads\/2023\/02\/la_croix-600x167.png 600w, https:\/\/ensemblelareveuse.com\/wp-content\/uploads\/2023\/02\/la_croix-2000x557.png 2000w, https:\/\/ensemblelareveuse.com\/wp-content\/uploads\/2023\/02\/la_croix-400x111.png 400w, https:\/\/ensemblelareveuse.com\/wp-content\/uploads\/2023\/02\/la_croix-768x214.png 768w, https:\/\/ensemblelareveuse.com\/wp-content\/uploads\/2023\/02\/la_croix-1536x428.png 1536w, https:\/\/ensemblelareveuse.com\/wp-content\/uploads\/2023\/02\/la_croix-2048x570.png 2048w, https:\/\/ensemblelareveuse.com\/wp-content\/uploads\/2023\/02\/la_croix-1000x279.png 1000w\" sizes=\"(max-width: 180px) 100vw, 180px\" \/>D\u00e9couvrez l&#8217;article d&#8217;Emmanuelle Giuliani publi\u00e9 dans La Croix<\/a><\/p>","protected":false},"excerpt":{"rendered":"<p>The CD Le Concert des Oiseaux\/Le Carnaval des animaux en p\u00e9ril has won numerous awards !<\/p>\n","protected":false},"author":6,"featured_media":5863,"comment_status":"closed","ping_status":"closed","sticky":false,"template":"","format":"standard","meta":{"footnotes":""},"categories":[34,1],"tags":[],"_links":{"self":[{"href":"https:\/\/ensemblelareveuse.com\/en\/wp-json\/wp\/v2\/posts\/5419"}],"collection":[{"href":"https:\/\/ensemblelareveuse.com\/en\/wp-json\/wp\/v2\/posts"}],"about":[{"href":"https:\/\/ensemblelareveuse.com\/en\/wp-json\/wp\/v2\/types\/post"}],"author":[{"embeddable":true,"href":"https:\/\/ensemblelareveuse.com\/en\/wp-json\/wp\/v2\/users\/6"}],"replies":[{"embeddable":true,"href":"https:\/\/ensemblelareveuse.com\/en\/wp-json\/wp\/v2\/comments?post=5419"}],"version-history":[{"count":35,"href":"https:\/\/ensemblelareveuse.com\/en\/wp-json\/wp\/v2\/posts\/5419\/revisions"}],"predecessor-version":[{"id":6212,"href":"https:\/\/ensemblelareveuse.com\/en\/wp-json\/wp\/v2\/posts\/5419\/revisions\/6212"}],"wp:featuredmedia":[{"embeddable":true,"href":"https:\/\/ensemblelareveuse.com\/en\/wp-json\/wp\/v2\/media\/5863"}],"wp:attachment":[{"href":"https:\/\/ensemblelareveuse.com\/en\/wp-json\/wp\/v2\/media?parent=5419"}],"wp:term":[{"taxonomy":"category","embeddable":true,"href":"https:\/\/ensemblelareveuse.com\/en\/wp-json\/wp\/v2\/categories?post=5419"},{"taxonomy":"post_tag","embeddable":true,"href":"https:\/\/ensemblelareveuse.com\/en\/wp-json\/wp\/v2\/tags?post=5419"}],"curies":[{"name":"wp","href":"https:\/\/api.w.org\/{rel}","templated":true}]}}