{"id":6365,"date":"2024-01-22T11:08:16","date_gmt":"2024-01-22T10:08:16","guid":{"rendered":"https:\/\/ensemblelareveuse.com\/?p=6365"},"modified":"2024-03-14T11:39:52","modified_gmt":"2024-03-14T10:39:52","slug":"projet-oiseaux-tournee-de-janvier-fevrier-2024","status":"publish","type":"post","link":"https:\/\/ensemblelareveuse.com\/en\/projet-oiseaux-tournee-de-janvier-fevrier-2024\/","title":{"rendered":"PROJET OISEAUX &#8211; Tourn\u00e9e de janvier-mars 2024"},"content":{"rendered":"<p class=\"qtranxs-available-languages-message qtranxs-available-languages-message-en\">Sorry, this entry is only available in <a href=\"https:\/\/ensemblelareveuse.com\/fr\/wp-json\/wp\/v2\/posts\/6365\" class=\"qtranxs-available-language-link qtranxs-available-language-link-fr\" title=\"Fran\u00e7ais\">French<\/a>. For the sake of viewer convenience, the content is shown below in the alternative language. You may click the link to switch the active language.<\/p><p>Le projet Oiseaux continue ses gazouillis durant l&#8217;hiver.<\/p>\n<p>Apr\u00e8s une escale \u00e0 <strong>Serris<\/strong>, pr\u00e8s de Marne la Vall\u00e9e, avec <em>Le Rossignol et l&#8217;Empereur de Chine <\/em>(18 janvier) et <em>La fabuleuse histoire des Oiseaux dans la musique <\/em>(19 janvier), apr\u00e8s les repr\u00e9sentations du <em>Concert des Oiseaux<\/em> lors du festival <em>Nature et Environnement<\/em> \u00e0 <strong>Monc\u00e9 en Belin<\/strong> dans la Sarthe (21 janvier),\u00a0 deux jours au <strong>Petit-Palais \u00e0 Paris<\/strong> pour deux concerts famille (10 et 11 f\u00e9vrier), La R\u00eaveuse s\u2019envole fin f\u00e9vrier pour <strong>l\u2019Italie<\/strong> au festival Landscapes de Trevise (29 f\u00e9vrier), avant de revenir d\u00e9but mars en Ile de France \u00e0 Bessancourt dans le cadre de l&#8217;<strong>Hiver musical de St-Leu-la-For\u00eat<\/strong> (2-3 mars).<\/p>\n<p>&nbsp;<\/p>\n<p>En attendant, vous pouvez r\u00e9\u00e9couter la belle \u00e9mission de Denisa Cherkova, <a href=\"https:\/\/www.radiofrance.fr\/francemusique\/podcasts\/allegretto\/jolies-plumes-6791427?fbclid=IwAR1g2jrDJ8TyGE66oft7lPzu3qjpjrOKmW4iHqzEWMqDnLR7ox9M5FKMf_c\"><em>Jolies plumes<\/em>, sur <strong>France Musique<\/strong>, disponible en podcast en un clic<\/a> !<\/p>","protected":false},"excerpt":{"rendered":"<p class=\"qtranxs-available-languages-message qtranxs-available-languages-message-en\">Sorry, this entry is only available in <a href=\"https:\/\/ensemblelareveuse.com\/fr\/wp-json\/wp\/v2\/posts\/6365\" class=\"qtranxs-available-language-link qtranxs-available-language-link-fr\" title=\"Fran\u00e7ais\">French<\/a>. For the sake of viewer convenience, the content is shown below in the alternative language. You may click the link to switch the active language.<\/p>\n<p>Apr\u00e8s Serris-Val d&#8217;Europe, Monc\u00e9 en Belin dans la Sarthe et le Petit Palais \u00e0 Paris, Le Concert des Oiseaux sera prochainement au festival Landscape \u00e0 Trevise en Italie (29 f\u00e9vrier) et en Ile de France \u00e0 Bessancourt (2-3 mars).<\/p>\n","protected":false},"author":2,"featured_media":4278,"comment_status":"closed","ping_status":"closed","sticky":false,"template":"","format":"standard","meta":{"footnotes":""},"categories":[1],"tags":[],"_links":{"self":[{"href":"https:\/\/ensemblelareveuse.com\/en\/wp-json\/wp\/v2\/posts\/6365"}],"collection":[{"href":"https:\/\/ensemblelareveuse.com\/en\/wp-json\/wp\/v2\/posts"}],"about":[{"href":"https:\/\/ensemblelareveuse.com\/en\/wp-json\/wp\/v2\/types\/post"}],"author":[{"embeddable":true,"href":"https:\/\/ensemblelareveuse.com\/en\/wp-json\/wp\/v2\/users\/2"}],"replies":[{"embeddable":true,"href":"https:\/\/ensemblelareveuse.com\/en\/wp-json\/wp\/v2\/comments?post=6365"}],"version-history":[{"count":8,"href":"https:\/\/ensemblelareveuse.com\/en\/wp-json\/wp\/v2\/posts\/6365\/revisions"}],"predecessor-version":[{"id":6455,"href":"https:\/\/ensemblelareveuse.com\/en\/wp-json\/wp\/v2\/posts\/6365\/revisions\/6455"}],"wp:featuredmedia":[{"embeddable":true,"href":"https:\/\/ensemblelareveuse.com\/en\/wp-json\/wp\/v2\/media\/4278"}],"wp:attachment":[{"href":"https:\/\/ensemblelareveuse.com\/en\/wp-json\/wp\/v2\/media?parent=6365"}],"wp:term":[{"taxonomy":"category","embeddable":true,"href":"https:\/\/ensemblelareveuse.com\/en\/wp-json\/wp\/v2\/categories?post=6365"},{"taxonomy":"post_tag","embeddable":true,"href":"https:\/\/ensemblelareveuse.com\/en\/wp-json\/wp\/v2\/tags?post=6365"}],"curies":[{"name":"wp","href":"https:\/\/api.w.org\/{rel}","templated":true}]}}